[{"@context":"https:\/\/schema.org\/","@type":"Article","@id":"https:\/\/www.kerabel.cz\/radeji-najmout-nez-koupit-u-svycaru-rozhodne\/#Article","mainEntityOfPage":"https:\/\/www.kerabel.cz\/radeji-najmout-nez-koupit-u-svycaru-rozhodne\/","headline":"Rad\u011bji najmout ne\u017e koupit? U \u0160v\u00fdcar\u016f rozhodn\u011b","name":"Rad\u011bji najmout ne\u017e koupit? U \u0160v\u00fdcar\u016f rozhodn\u011b","description":"Americk\u00fd port\u00e1l RentCafe ned\u00e1vno provedla pr\u016fzkum obl\u00edbenosti bydlen\u00ed. \u0158e\u0161eno bylo p\u0159edev\u0161\u00edm to, kolik procent obyvatel \u017eije v pron\u00e1jmu a kolik nemovitost zakoupilo. Z pr\u016fzkumu vypl\u00fdv\u00e1 nejen to, \u017ee nejvy\u0161\u0161\u00ed pod\u00edl n\u00e1jemn\u00edk\u016f je ve \u0160v\u00fdcarsku, ale tak\u00e9 to, \u017ee se v zem\u00edch Evropsk\u00e9 unie postupn\u011b zvy\u0161uj\u00ed po\u010dty lid\u00ed, kte\u0159\u00ed rad\u011bji plat\u00ed n\u00e1jem ne\u017e hypot\u00e9ku. St\u00e1ty, kde [&hellip;]","datePublished":"2018-01-05","dateModified":"2023-05-06","author":{"@type":"Person","@id":"https:\/\/www.kerabel.cz\/author\/#Person","name":"","url":"https:\/\/www.kerabel.cz\/author\/","identifier":1,"image":{"@type":"ImageObject","@id":"https:\/\/secure.gravatar.com\/avatar\/670235c08005d2f1b80a3d56a421809661de47ce0289bd1c93d0120f6ef211a4?s=96&d=mm&r=g","url":"https:\/\/secure.gravatar.com\/avatar\/670235c08005d2f1b80a3d56a421809661de47ce0289bd1c93d0120f6ef211a4?s=96&d=mm&r=g","height":96,"width":96}},"publisher":{"@type":"Organization","name":"kerabel.cz","logo":{"@type":"ImageObject","@id":"\/logo.png","url":"\/logo.png","width":600,"height":60}},"image":{"@type":"ImageObject","@id":"https:\/\/www.kerabel.cz\/wp-content\/uploads\/img_a309349_w2043_t1520281812.jpg","url":"https:\/\/www.kerabel.cz\/wp-content\/uploads\/img_a309349_w2043_t1520281812.jpg","height":0,"width":0},"url":"https:\/\/www.kerabel.cz\/radeji-najmout-nez-koupit-u-svycaru-rozhodne\/","wordCount":389,"articleBody":"Americk\u00fd port\u00e1l RentCafe ned\u00e1vno provedla pr\u016fzkum obl\u00edbenosti bydlen\u00ed. \u0158e\u0161eno bylo p\u0159edev\u0161\u00edm to, kolik procent obyvatel \u017eije v pron\u00e1jmu a kolik nemovitost zakoupilo. Z pr\u016fzkumu vypl\u00fdv\u00e1 nejen to, \u017ee nejvy\u0161\u0161\u00ed pod\u00edl n\u00e1jemn\u00edk\u016f je ve \u0160v\u00fdcarsku, ale tak\u00e9 to, \u017ee se v zem\u00edch Evropsk\u00e9 unie postupn\u011b zvy\u0161uj\u00ed po\u010dty lid\u00ed, kte\u0159\u00ed rad\u011bji plat\u00ed n\u00e1jem ne\u017e hypot\u00e9ku.\tSt\u00e1ty, kde jsou pron\u00e1jmy nejv\u00edce obl\u00edben\u00e91.\u00a0\u00a0\u00a0\u00a0\u00a0 \u0160v\u00fdcarsko \u2013 56,6 procenta,2.\u00a0\u00a0\u00a0\u00a0\u00a0 Hongkong \u2013 49 procent,3.\u00a0\u00a0\u00a0\u00a0\u00a0 N\u011bmecko \u2013 48,1 procent,4.\u00a0\u00a0\u00a0\u00a0\u00a0 Korea \u2013 44,8 procent,5.\u00a0\u00a0\u00a0\u00a0\u00a0 Rakousko \u2013 44,3 procent a6.\u00a0\u00a0\u00a0\u00a0\u00a0 Velk\u00e1 Brit\u00e1nie \u2013 36,5 procenta.\tSt\u00e1ty, kde jsou pron\u00e1jmy nejm\u00e9n\u011b obl\u00edben\u00e91.\u00a0\u00a0\u00a0\u00a0\u00a0 Singapur \u2013 9,7 procent,2.\u00a0\u00a0\u00a0\u00a0\u00a0 Slovensko \u2013 10,7 procent,3.\u00a0\u00a0\u00a0\u00a0\u00a0 \u010cesk\u00e1 republika a \u0160pan\u011blsko \u2013 22 procent,4.\u00a0\u00a0\u00a0\u00a0\u00a0 Slovinsko \u2013 23,8 procent,5.\u00a0\u00a0\u00a0\u00a0\u00a0 \u0158ecko \u2013 24,9 procent a6.\u00a0\u00a0\u00a0\u00a0\u00a0 Portugalsko \u2013 25,2 procenta.\tPron\u00e1jem = chudoba?V\u011bt\u0161ina lid\u00ed v \u010cech\u00e1ch se domn\u00edv\u00e1, \u017ee nutnost platit n\u00e1jem je spojena s t\u00edm, \u017ee si vlastn\u00ed bydlen\u00ed nem\u016f\u017eeme dovolit. V jin\u00fdch evropsk\u00fdch zem\u00edch je ale tato idea naprosto opa\u010dn\u00e1. St\u00e1ty jako \u0160v\u00fdcarsko, N\u011bmecko \u010di Velk\u00e1 Brit\u00e1nie si naopak v posledn\u00edch letech na n\u00e1jmech zakl\u00e1daj\u00ed a nemovitosti tam kupuje \u010d\u00edm d\u00e1l m\u00e9n\u011b lid\u00ed. P\u0159itom jsou to st\u00e1ty s vysok\u00fdmi p\u0159\u00edjmy, tak\u017ee pron\u00e1jem a nedostatek pen\u011bz spolu z\u0159ejm\u011b nesouvis\u00ed.\u00a0D\u016fvody, pro\u010d n\u011bkter\u00e9 st\u00e1ty preferuj\u00ed pron\u00e1jmy a jin\u00e9 koup\u011b nemovitost\u00ed nejsou zcela zn\u00e1my. Je samoz\u0159ejm\u00e9, \u017ee ka\u017ed\u00e1 zem\u011b m\u00e1 svou vlastn\u00ed soci\u00e1ln\u00ed mentalitu a z t\u00e9 pravd\u011bpodobn\u011b vych\u00e1z\u00ed i toto chov\u00e1n\u00ed. Je mo\u017en\u00e9, \u017ee to z\u00e1vis\u00ed na v\u00fdchov\u011b. Pro\u010d se ale po\u010dty n\u00e1jemn\u00edk\u016f v n\u011bkter\u00fdch st\u00e1tech v posledn\u00edch letech zvedly? To nen\u00ed v\u016fbec jasn\u00e9.\u00a0Ot\u00e1zkou z\u016fst\u00e1v\u00e1, zda se tento trend p\u0159esune i do \u010cesk\u00e9 republiky. Zm\u011bn\u00edme sv\u00e9 chov\u00e1n\u00ed a sv\u00e9 priority podle chov\u00e1n\u00ed jin\u00fdch, vysp\u011bl\u00fdch zem\u00ed? Pokud tato zm\u011bna nastane, tak se bude jednat o zm\u011bnu velice pomalou, kter\u00e1 se bude usazovat cel\u00e9 roky. Vzhledem k tomu, \u017ee jsme t\u0159et\u00edm st\u00e1tem, kter\u00fd si nejv\u00edc zakl\u00e1d\u00e1 na vlastnictv\u00ed nemovitosti jako na \u017eivotn\u00ed priorit\u011b, tak velk\u00e9 zm\u011bny nejsou p\u0159\u00edli\u0161 pravd\u011bpodobn\u00e9.                                                                                                                                                                                                                                                                                                                                                                                        4.3\/5 - (11 votes)        "},{"@context":"https:\/\/schema.org\/","@type":"BreadcrumbList","itemListElement":[{"@type":"ListItem","position":1,"name":"Rad\u011bji najmout ne\u017e koupit? U \u0160v\u00fdcar\u016f rozhodn\u011b","item":"https:\/\/www.kerabel.cz\/radeji-najmout-nez-koupit-u-svycaru-rozhodne\/#breadcrumbitem"}]}]