[{"@context":"https:\/\/schema.org\/","@type":"Article","@id":"https:\/\/www.kerabel.cz\/zivot-ve-meste\/#Article","mainEntityOfPage":"https:\/\/www.kerabel.cz\/zivot-ve-meste\/","headline":"\u017divot ve m\u011bst\u011b","name":"\u017divot ve m\u011bst\u011b","description":"\u017divot ve m\u011bst\u011b m\u00e1 svoje kouzlo, ale i svoje \u201eale\u201c. Pro n\u011bkoho je to naprost\u00fd sen, pro jin\u00e9ho hr\u016fza, a i kdy\u017e je m\u011bsto pln\u00e9 mo\u017enost\u00ed, nen\u00ed to v\u017edycky jen proch\u00e1zka r\u016f\u017eovou zahradou. J\u00e1 osobn\u011b m\u00e1m m\u011bsto docela r\u00e1da, ale nepohrdnu ani \u017eivotem na vesnici.\u00a0Kdy\u017e se probud\u00edte a otev\u0159ete okno, m\u00edsto zp\u011bvu pt\u00e1k\u016f sly\u0161\u00edte cvrkot [&hellip;]","datePublished":"2024-06-27","dateModified":"2024-06-27","author":{"@type":"Person","@id":"https:\/\/www.kerabel.cz\/author\/#Person","name":"","url":"https:\/\/www.kerabel.cz\/author\/","identifier":1,"image":{"@type":"ImageObject","@id":"https:\/\/secure.gravatar.com\/avatar\/670235c08005d2f1b80a3d56a421809661de47ce0289bd1c93d0120f6ef211a4?s=96&d=mm&r=g","url":"https:\/\/secure.gravatar.com\/avatar\/670235c08005d2f1b80a3d56a421809661de47ce0289bd1c93d0120f6ef211a4?s=96&d=mm&r=g","height":96,"width":96}},"publisher":{"@type":"Organization","name":"kerabel.cz","logo":{"@type":"ImageObject","@id":"\/logo.png","url":"\/logo.png","width":600,"height":60}},"image":{"@type":"ImageObject","@id":"https:\/\/www.kerabel.cz\/wp-content\/uploads\/prague-1119791_640_5.jpg","url":"https:\/\/www.kerabel.cz\/wp-content\/uploads\/prague-1119791_640_5.jpg","height":0,"width":0},"url":"https:\/\/www.kerabel.cz\/zivot-ve-meste\/","about":["\u017divotn\u00ed styl\r"],"wordCount":453,"articleBody":"\u017divot ve m\u011bst\u011b m\u00e1 svoje kouzlo, ale i svoje \u201eale\u201c. Pro n\u011bkoho je to naprost\u00fd sen, pro jin\u00e9ho hr\u016fza, a i kdy\u017e je m\u011bsto pln\u00e9 mo\u017enost\u00ed, nen\u00ed to v\u017edycky jen proch\u00e1zka r\u016f\u017eovou zahradou. J\u00e1 osobn\u011b m\u00e1m m\u011bsto docela r\u00e1da, ale nepohrdnu ani \u017eivotem na vesnici.\u00a0Kdy\u017e se probud\u00edte a otev\u0159ete okno, m\u00edsto zp\u011bvu pt\u00e1k\u016f sly\u0161\u00edte cvrkot aut, hukot tramvaj\u00ed a lidi, kte\u0159\u00ed sp\u011bchaj\u00ed. A\u0165 u\u017e jdete na k\u00e1vu, nebo se vyd\u00e1te na n\u00e1kup, v\u0161ude je spousta lid\u00ed. N\u011bkdy je to a\u017e p\u0159\u00edli\u0161, ale z\u00e1rove\u0148 je to sou\u010d\u00e1st toho, co d\u011bl\u00e1 m\u011bsto m\u011bstem. Mn\u011b osobn\u011b se l\u00edb\u00ed ten v\u00edr v\u0161ech t\u011bch r\u016fzn\u00fdch \u017eivot\u016f, kter\u00e9 se tu propl\u00e9taj\u00ed. Ka\u017ed\u00fd m\u00e1 sv\u016fj p\u0159\u00edb\u011bh, svoje pl\u00e1ny a touhy. A taky m\u00e1 m\u011bsto tolik mo\u017enost\u00ed \u2013 kav\u00e1rny na ka\u017ed\u00e9m rohu, koncerty, divadla, v\u00fdstavy\u2026 Zkr\u00e1tka, kdy\u017e m\u00e1te chu\u0165 na n\u011bco nov\u00e9ho, nemus\u00edte ani vyj\u00edt z m\u011bstsk\u00e9 \u010dtvrti, hned to m\u00e1te u nosu.Ale\u2026 v\u00edte, co mi n\u011bkdy chyb\u00ed? Klid. Ob\u010das m\u00e1m pocit, \u017ee ten hluk a ten neust\u00e1l\u00fd sp\u011bch jsou na m\u011b moc. Je pravda, \u017ee pro n\u011bkoho m\u016f\u017ee b\u00fdt \u017eivot ve m\u011bst\u011b trochu stresuj\u00edc\u00ed. V\u0161ichni po\u0159\u00e1d n\u011bkam sp\u011bch\u00e1me, po\u0159\u00e1d n\u011bco \u0159e\u0161\u00edme, a n\u011bkdy zapom\u00edn\u00e1me, \u017ee ob\u010das sta\u010d\u00ed prost\u011b zastavit. A i kdy\u017e m\u011bsto nab\u00edz\u00ed spoustu fajn z\u00e1\u017eitk\u016f, n\u011bkdy si \u010dlov\u011bk p\u0159eje, aby bylo trochu ti\u0161\u0161\u00ed a pomalej\u0161\u00ed. Osobn\u011b mi ale p\u0159ijde, \u017ee \u010d\u00edm jsem star\u0161\u00ed, sp\u00ed\u0161 t\u00edhnu k\u00a0tomu klidu a k\u00a0t\u00e9 vesnici. Osobn\u011b miluji zv\u00ed\u0159ata, kter\u00e1 jsou velice terapeutick\u00e1, a proto bych jednou cht\u011bla m\u00edt dome\u010dek se zahr\u00e1dkou a zv\u00ed\u0159\u00e1tky. Ale to se mi asi t\u011b\u017eko povede ve m\u011bst\u011b. P\u0159edstavte si, \u017ee by m\u011bl n\u011bkdo ve m\u011bst\u011b v\u00a0panel\u00e1ku t\u0159eba na balkon\u011b slepi\u010dku. P\u0159edstava trochu k\u00a0popuk\u00e1n\u00ed \u017ee? Je to \u010dist\u011b o preferenc\u00edch, ale v\u011b\u0159\u00edm tomu, \u017ee v\u00a0pr\u016fb\u011bhu \u017eivota se u lid\u00ed m\u011bn\u00ed jejich preference. Mo\u017en\u00e1 \u017eili nejd\u0159\u00edv ve m\u011bst\u011b a pot\u00e9 se p\u0159est\u011bhovali na vesnici, aby m\u011bli v\u011bt\u0161\u00ed klid? V\u011b\u0159\u00edm, \u017ee je to v\u00edce \u010dast\u011bj\u0161\u00ed, ne\u017e kdy\u017e lid\u00e9 \u017eijou na vesnici a p\u0159est\u011bhuj\u00ed se do m\u011bsta. To se mi moc nezd\u00e1.                                                                                                                                                                                                                                                                                                                                                                                        4.3\/5 - (12 votes)        "},{"@context":"https:\/\/schema.org\/","@type":"BreadcrumbList","itemListElement":[{"@type":"ListItem","position":1,"name":"\u017divot ve m\u011bst\u011b","item":"https:\/\/www.kerabel.cz\/zivot-ve-meste\/#breadcrumbitem"}]}]